{"id":1281,"date":"2023-01-13T17:00:00","date_gmt":"2023-01-13T17:00:00","guid":{"rendered":"https:\/\/sergiorico.com\/blog\/?p=1281"},"modified":"2023-03-15T07:25:36","modified_gmt":"2023-03-15T07:25:36","slug":"rafa-modelito","status":"publish","type":"post","link":"https:\/\/sergiorico.com\/blog\/?p=1281","title":{"rendered":"Rafa \u00abmodelito\u00bb"},"content":{"rendered":"\n<p>Rafa es un fuera de serie que podr\u00eda ir con cualquier grupo mucho m\u00e1s PRO, es un bicharraco, pero ha conectado con el fondo de esta modesta grupeta porque sabe ver m\u00e1s all\u00e1 de los watios y los segmentos del Strava. Sorprendentemente lleva poco m\u00e1s de un par de a\u00f1os desde que empez\u00f3 a practicar ciclismo con su primera bici, que le vendi\u00f3 <a href=\"https:\/\/sergiorico.com\/blog\/?p=874\" data-type=\"post\" data-id=\"874\">Emi<\/a>, por cierto. Parece que siempre ha estado en lo alto de una bici, lo que tiene ser un gran deportista, incluso ha sido profesor de padel. Lo llamamos \u00abmodelito\u00bb o \u00abmodeluqui\u00bb porque el t\u00edo esta petando las webs del chino como modelo de alta costura. Y nos ha conseguido un descuentazo -junto con el patrocinio Caf\u00e9 Berlin del gran Felix- para la equipaci\u00f3n Pedales Rotos 2022. Ole ese Rafa Shenzhen!!<\/p>\n\n\n\n<figure class=\"wp-block-image size-full\"><a href=\"https:\/\/sergiorico.com\/blog\/wp-content\/uploads\/2022\/11\/Rafa3.jpeg\"><img loading=\"lazy\" decoding=\"async\" width=\"960\" height=\"960\" src=\"https:\/\/sergiorico.com\/blog\/wp-content\/uploads\/2022\/11\/Rafa3.jpeg\" alt=\"\" class=\"wp-image-1370\" srcset=\"https:\/\/sergiorico.com\/blog\/wp-content\/uploads\/2022\/11\/Rafa3.jpeg 960w, https:\/\/sergiorico.com\/blog\/wp-content\/uploads\/2022\/11\/Rafa3-300x300.jpeg 300w, https:\/\/sergiorico.com\/blog\/wp-content\/uploads\/2022\/11\/Rafa3-150x150.jpeg 150w, https:\/\/sergiorico.com\/blog\/wp-content\/uploads\/2022\/11\/Rafa3-768x768.jpeg 768w, https:\/\/sergiorico.com\/blog\/wp-content\/uploads\/2022\/11\/Rafa3-600x600.jpeg 600w, https:\/\/sergiorico.com\/blog\/wp-content\/uploads\/2022\/11\/Rafa3-945x945.jpeg 945w\" sizes=\"auto, (max-width: 960px) 100vw, 960px\" \/><\/a><figcaption><em>Cualquie trapito que se pone le sienta como un guante&#8230; <\/em><\/figcaption><\/figure>\n\n\n\n<p>No se porqu\u00e9, desde que lo conoc\u00ed me divierto mucho meti\u00e9ndome con \u00e9l y eso que no ten\u00edamos la confianza suficiente. No lo suelo hacer con personas que no tengo mucha confianza, no me gusta herir la sensibilidad de la gente. Pero a \u00e9l me encanta clavarle peque\u00f1os dardos por los huecos de esa coraza que lleva, me sale natural. No es un t\u00edo que se calle o que se piense mucho al soltarte una border\u00eda si no le encaja lo que ve, es un macho Alfa acostumbrado a las batallas de la Sabana. Quiz\u00e1s sea precisamente por eso: parece que se va a mosquear y no te sigue mucho el juego, pero s\u00e9 que le gusta y le escuece un poco a la vez. \u00c9l percibe que lo hago desde el cari\u00f1o. Pero es que me va provocando con los bolsitos <a href=\"https:\/\/sergiorico.com\/blog\/?p=1263\" data-type=\"post\" data-id=\"1263\">baratos del Decathlon, hostiaaaa<\/a>.  Y con bicicletas hechas de virutas de Giant. Todav\u00eda me descojono cuando recuerdo a mi mismo adelant\u00e1ndolo con su bici nueva en la Indomable -cuesta abajo, claro- y grit\u00e1ndole \u00ab1.300 pavos de segunda mano. Y sin pedaleaaaaar\u00bb. Se ha convertido en una broma recurrente entre los dos.<\/p>\n\n\n\n<figure class=\"wp-block-image size-full\"><a href=\"https:\/\/sergiorico.com\/blog\/wp-content\/uploads\/2022\/11\/rafa7-1.jpg\"><img loading=\"lazy\" decoding=\"async\" width=\"815\" height=\"612\" src=\"https:\/\/sergiorico.com\/blog\/wp-content\/uploads\/2022\/11\/rafa7-1.jpg\" alt=\"\" class=\"wp-image-1375\" srcset=\"https:\/\/sergiorico.com\/blog\/wp-content\/uploads\/2022\/11\/rafa7-1.jpg 815w, https:\/\/sergiorico.com\/blog\/wp-content\/uploads\/2022\/11\/rafa7-1-300x225.jpg 300w, https:\/\/sergiorico.com\/blog\/wp-content\/uploads\/2022\/11\/rafa7-1-768x577.jpg 768w, https:\/\/sergiorico.com\/blog\/wp-content\/uploads\/2022\/11\/rafa7-1-600x451.jpg 600w\" sizes=\"auto, (max-width: 815px) 100vw, 815px\" \/><\/a><figcaption><em>La dura vida de los modelos de alta costura china&#8230;<\/em><\/figcaption><\/figure>\n\n\n\n<p>Es un ciclista infatigable, todas las semanas est\u00e1 arriba en el Strava en el n\u00famero de kil\u00f3metros acumulados. Aunque puede ir a cualquier ritmo en cabeza, siempre va pendiente de la gente. Recuerdo cuando baj\u00f3 por m\u00ed en Frigiliana al entrarme el chungo de la vacuna. O a por el Tapi en \u00c1lora. O a por Rober en el Puerto Mart\u00ednez. Es un fiel seguidor del <em>\u00abPedales Rotos Spirit\u00bb<\/em>. Vamos como vamos, pero nadie se queda atr\u00e1s.<\/p>\n\n\n\n<p>La grupeta tiene grabado en letras de oro el momento impagable que nos regal\u00f3 en la barbacoa de la Indomable cuando nos dio su ansiada noticia de que iba a ser padre. No conozco a muchos hombres que no sientan verg\u00fcenza de llorar en p\u00fablico. S\u00f3lo los valientes no tienen miedo a abrir su coraz\u00f3n. Y esa tarde todos fuimos valientes!. Por cierto, \u00a1que gran noticia!, aunque ya veremos si despu\u00e9s del parto pierde la figura que ten\u00eda o no se arrastra por el Strava , jajajaja. En cualquier caso, si lo vemos menos, sabemos que ser\u00e1 por una gran causa. Dale fuerte. <em>\u00abLo mejor y lo peor que vas a hacer en tu vida\u00bb<\/em>, el Tigre dixit. Y recuerda mi consejo, <em>\u00abtransforma tu capacidad de proteger en serenidad ante el caos\u00bb<\/em>.<\/p>\n\n\n\n<figure class=\"wp-block-image size-large\"><a href=\"https:\/\/sergiorico.com\/blog\/wp-content\/uploads\/2022\/11\/Rafa4.jpeg\"><img loading=\"lazy\" decoding=\"async\" width=\"1024\" height=\"964\" src=\"https:\/\/sergiorico.com\/blog\/wp-content\/uploads\/2022\/11\/Rafa4-1024x964.jpeg\" alt=\"\" class=\"wp-image-1377\" srcset=\"https:\/\/sergiorico.com\/blog\/wp-content\/uploads\/2022\/11\/Rafa4-1024x964.jpeg 1024w, https:\/\/sergiorico.com\/blog\/wp-content\/uploads\/2022\/11\/Rafa4-300x282.jpeg 300w, https:\/\/sergiorico.com\/blog\/wp-content\/uploads\/2022\/11\/Rafa4-768x723.jpeg 768w, https:\/\/sergiorico.com\/blog\/wp-content\/uploads\/2022\/11\/Rafa4-600x565.jpeg 600w, https:\/\/sergiorico.com\/blog\/wp-content\/uploads\/2022\/11\/Rafa4-945x889.jpeg 945w, https:\/\/sergiorico.com\/blog\/wp-content\/uploads\/2022\/11\/Rafa4.jpeg 1054w\" sizes=\"auto, (max-width: 1024px) 100vw, 1024px\" \/><\/a><figcaption><em>\u00abCon lo bonita que es la bici, l\u00e1stima que est\u00e9 hecha de virutas de Gyant\u00bb<\/em><\/figcaption><\/figure>\n\n\n\n<p><em>Actualizaci\u00f3n:<\/em>  El tiempo pasa m\u00e1s r\u00e1pido que yo escribo estas letras, y ya tenemos al ciclista m\u00e1s joven de la grupeta haciendo su primera visita al Caf\u00e9 Berl\u00edn. Con ustedes, HECTOR:<\/p>\n\n\n\n<figure class=\"wp-block-image size-large\"><a href=\"https:\/\/sergiorico.com\/blog\/wp-content\/uploads\/2023\/01\/WhatsApp-Image-2023-01-07-at-17.53.51.jpeg\"><img loading=\"lazy\" decoding=\"async\" width=\"1024\" height=\"691\" src=\"https:\/\/sergiorico.com\/blog\/wp-content\/uploads\/2023\/01\/WhatsApp-Image-2023-01-07-at-17.53.51-1024x691.jpeg\" alt=\"\" class=\"wp-image-1449\" srcset=\"https:\/\/sergiorico.com\/blog\/wp-content\/uploads\/2023\/01\/WhatsApp-Image-2023-01-07-at-17.53.51-1024x691.jpeg 1024w, https:\/\/sergiorico.com\/blog\/wp-content\/uploads\/2023\/01\/WhatsApp-Image-2023-01-07-at-17.53.51-300x202.jpeg 300w, https:\/\/sergiorico.com\/blog\/wp-content\/uploads\/2023\/01\/WhatsApp-Image-2023-01-07-at-17.53.51-768x518.jpeg 768w, https:\/\/sergiorico.com\/blog\/wp-content\/uploads\/2023\/01\/WhatsApp-Image-2023-01-07-at-17.53.51-1536x1036.jpeg 1536w, https:\/\/sergiorico.com\/blog\/wp-content\/uploads\/2023\/01\/WhatsApp-Image-2023-01-07-at-17.53.51-600x405.jpeg 600w, https:\/\/sergiorico.com\/blog\/wp-content\/uploads\/2023\/01\/WhatsApp-Image-2023-01-07-at-17.53.51-945x637.jpeg 945w, https:\/\/sergiorico.com\/blog\/wp-content\/uploads\/2023\/01\/WhatsApp-Image-2023-01-07-at-17.53.51.jpeg 1905w\" sizes=\"auto, (max-width: 1024px) 100vw, 1024px\" \/><\/a><figcaption><em>Parece un precioso angelito, pero cuando le regalemos una bici ser\u00e1 un bicharraco como su padre!<\/em><\/figcaption><\/figure>\n\n\n\n<p> <\/p>\n\n\n\n<p>Con ciclistas como Rafa la grupeta Pedales Rotos se engrandece. Pero no por los PR del Strava. sino por los PR de la amistad, mucho m\u00e1s dif\u00edciles de medir y de conseguir. Gracias, Rafalito por estar ah\u00ed. <\/p>\n\n\n\n<p><\/p>\n","protected":false},"excerpt":{"rendered":"<p>Rafa es un fuera de serie que podr\u00eda ir con cualquier grupo mucho m\u00e1s PRO, es un bicharraco, pero ha conectado con el fondo de esta modesta grupeta porque sabe ver m\u00e1s all\u00e1 de los watios y los segmentos del&#8230; <a class=\"more-link\" href=\"https:\/\/sergiorico.com\/blog\/?p=1281\">Seguir leyendo &rarr;<\/a><\/p>\n","protected":false},"author":1,"featured_media":1428,"comment_status":"open","ping_status":"closed","sticky":false,"template":"","format":"standard","meta":{"footnotes":""},"categories":[13,3],"tags":[],"class_list":["post-1281","post","type-post","status-publish","format-standard","has-post-thumbnail","hentry","category-pedales-rotos","category-reflexiones"],"_links":{"self":[{"href":"https:\/\/sergiorico.com\/blog\/index.php?rest_route=\/wp\/v2\/posts\/1281","targetHints":{"allow":["GET"]}}],"collection":[{"href":"https:\/\/sergiorico.com\/blog\/index.php?rest_route=\/wp\/v2\/posts"}],"about":[{"href":"https:\/\/sergiorico.com\/blog\/index.php?rest_route=\/wp\/v2\/types\/post"}],"author":[{"embeddable":true,"href":"https:\/\/sergiorico.com\/blog\/index.php?rest_route=\/wp\/v2\/users\/1"}],"replies":[{"embeddable":true,"href":"https:\/\/sergiorico.com\/blog\/index.php?rest_route=%2Fwp%2Fv2%2Fcomments&post=1281"}],"version-history":[{"count":15,"href":"https:\/\/sergiorico.com\/blog\/index.php?rest_route=\/wp\/v2\/posts\/1281\/revisions"}],"predecessor-version":[{"id":1450,"href":"https:\/\/sergiorico.com\/blog\/index.php?rest_route=\/wp\/v2\/posts\/1281\/revisions\/1450"}],"wp:featuredmedia":[{"embeddable":true,"href":"https:\/\/sergiorico.com\/blog\/index.php?rest_route=\/wp\/v2\/media\/1428"}],"wp:attachment":[{"href":"https:\/\/sergiorico.com\/blog\/index.php?rest_route=%2Fwp%2Fv2%2Fmedia&parent=1281"}],"wp:term":[{"taxonomy":"category","embeddable":true,"href":"https:\/\/sergiorico.com\/blog\/index.php?rest_route=%2Fwp%2Fv2%2Fcategories&post=1281"},{"taxonomy":"post_tag","embeddable":true,"href":"https:\/\/sergiorico.com\/blog\/index.php?rest_route=%2Fwp%2Fv2%2Ftags&post=1281"}],"curies":[{"name":"wp","href":"https:\/\/api.w.org\/{rel}","templated":true}]}}