{"id":1310,"date":"2022-12-30T17:00:00","date_gmt":"2022-12-30T17:00:00","guid":{"rendered":"https:\/\/sergiorico.com\/blog\/?p=1310"},"modified":"2023-06-18T22:19:20","modified_gmt":"2023-06-18T22:19:20","slug":"sergiorico-com-el-tigre","status":"publish","type":"post","link":"https:\/\/sergiorico.com\/blog\/?p=1310","title":{"rendered":"Sergiorico.com , el \u00abTigre\u00bb"},"content":{"rendered":"\n<p><em>(Este blog es personal, pero en esta ocasi\u00f3n va a tomar la palabra un querido compa\u00f1ero de la grupeta, <a href=\"https:\/\/sergiorico.com\/blog\/?p=943\" data-type=\"post\" data-id=\"943\">Juan Antonio el Cu\u00f1ao<\/a>, que me ha dedicado un amable e inmerecido post. Me da un poco de verguenza, pero creo que es justo que yo pase por el mismo trance que mis compa\u00f1eros.) <\/em>Ah\u00ed os lo dejo:<\/p>\n\n\n\n<p><\/p>\n\n\n\n<p>Antes de comenzar con este peque\u00f1o gui\u00f1o que quiero brindar a nuestro querido compa\u00f1ero Sergio Rico, me gustar\u00eda pedir disculpas por no tener la soltura de la que dispone mi homenajeado realizando este tipo de actividades. Es una tarea pendiente que ten\u00eda entre bambalinas desde hace unos meses y entre unas cosas y otras nunca ve\u00eda la luz, pero creo que ya va siendo hora de homenajear de alguna forma a nuestro querido compa\u00f1ero, que tanto nos ha dado.<\/p>\n\n\n\n<p>Con este peque\u00f1o tributo, tengo el gusto de presentarle a todos aquellos que a\u00fan no tengan la suerte de conocerle, a uno de los componentes m\u00e1s polifac\u00e9ticos y veteranos que tenemos en nuestra querida grupeta de ciclismo \u201cLos Pedales Rotos\u201d. Como veterano no me refiero ni mucho menos a que sea un viejo a punto de colgar las botas de ciclismo, ya que sigue teniendo el mismo empuje encima de la bici que cualquier chavalillo de 30 a\u00f1os en plena forma, sino a que es uno de los miembros fundadores de la grupeta, porque como se suele decir, al Cesar lo que es del Cesar.<\/p>\n\n\n\n<figure class=\"wp-block-image size-large\"><a href=\"https:\/\/sergiorico.com\/blog\/wp-content\/uploads\/2022\/06\/image003.jpg\"><img loading=\"lazy\" decoding=\"async\" width=\"1024\" height=\"768\" src=\"https:\/\/sergiorico.com\/blog\/wp-content\/uploads\/2022\/06\/image003-1024x768.jpg\" alt=\"\" class=\"wp-image-1312\" srcset=\"https:\/\/sergiorico.com\/blog\/wp-content\/uploads\/2022\/06\/image003-1024x768.jpg 1024w, https:\/\/sergiorico.com\/blog\/wp-content\/uploads\/2022\/06\/image003-300x225.jpg 300w, https:\/\/sergiorico.com\/blog\/wp-content\/uploads\/2022\/06\/image003-768x576.jpg 768w, https:\/\/sergiorico.com\/blog\/wp-content\/uploads\/2022\/06\/image003-1536x1152.jpg 1536w, https:\/\/sergiorico.com\/blog\/wp-content\/uploads\/2022\/06\/image003-600x450.jpg 600w, https:\/\/sergiorico.com\/blog\/wp-content\/uploads\/2022\/06\/image003-945x709.jpg 945w, https:\/\/sergiorico.com\/blog\/wp-content\/uploads\/2022\/06\/image003.jpg 2048w\" sizes=\"auto, (max-width: 1024px) 100vw, 1024px\" \/><\/a><figcaption><em>Foto: Tres de los fundadores de Los Pedales Rotos. Sergio \u201cEl Tigre\u201d, Antonio \u201cEl Tapi\u201d y Paco \u201cEl Pastor\u201d.<\/em><\/figcaption><\/figure>\n\n\n\n<p>Cuando hago memoria para recordar el d\u00eda en el que conoc\u00ed a Sergio, solo consigo recordar vagamente que hace ya varios a\u00f1os \u00edbamos los dos junto con otros miembros de la grupeta rodando por el tramo de la carretera que comunica la Venta Galwey \u201cGarvey\u201d con el Colmenar. Mi sensaci\u00f3n fue que era un t\u00edo bastante cachondo ya que no dej\u00f3 de contar chistes durante todo aquel trayecto, aunque un rato antes se le hab\u00eda rajado el culotte por la parte trasera e iba dando el espect\u00e1culo circense estilo \u00abChewi\u00bb. Aunque este es el primer recuerdo que tengo de \u00e9l, ahora ver\u00e9is lo que me alegro de haberlo podido seguir conociendo a lo largo de estos a\u00f1os, ya que se trata de un aut\u00e9ntico \u201chombre del Renacimiento\u201d.<\/p>\n\n\n\n<p>Para aquellos que no lo sepan, nuestro \u201cTigre\u201d es todo un se\u00f1or ingeniero en telecomunicaciones, que durante m\u00e1s de 12 a\u00f1os ha estado al frente como jefe del departamento de Gesti\u00f3n de la Tecnolog\u00eda del Ayuntamiento de M\u00e1laga y cuyo trabajo ha sido reconocido y galardonado en la convocatoria de premios para Administraciones y Organismos P\u00fablicos (SITI-ASLAM, abril 2012) y el premio @asLAM-Smartcities-Transformaci\u00f3n digital (SITI-ASLAM, abril 2016). Resumiendo, que si no hubiese sido por \u00e9l, posiblemente el Ayuntamiento de M\u00e1laga no tendr\u00eda a d\u00eda de hoy el sistema de comunicaci\u00f3n tan eficiente del que dispone.<\/p>\n\n\n\n<p>Pero como podr\u00e9is comprender no es s\u00f3lo por esta raz\u00f3n por lo que lo considero una persona tan polifac\u00e9tica y singular. Nuestro tigre, aunque no lo cre\u00e1is, es un aut\u00e9ntico rockero, que ha tenido la suerte de tocar en su propio grupo de m\u00fasica. Adem\u00e1s, es la persona que conozco a la que m\u00e1s le gusta disfrazarse, record\u00e1ndome en ocasiones al gran Mortadelo, por su capacidad y velocidad con la que es capaz de cambiarse de disfraz. Pero si todo esto os parece poco, puede ser considerado por muchos como un aut\u00e9ntico friki, debido a su afici\u00f3n que podr\u00eda llegar a ser interpretada incluso como devoci\u00f3n, por el g\u00e9nero cinematogr\u00e1fico de ficci\u00f3n (Batman, Terminator, Spiderman, Matrix, &#8230;.)<\/p>\n\n\n\n<figure class=\"wp-block-image size-large\"><a href=\"https:\/\/sergiorico.com\/blog\/wp-content\/uploads\/2022\/06\/image005.jpg\"><img loading=\"lazy\" decoding=\"async\" width=\"1024\" height=\"576\" src=\"https:\/\/sergiorico.com\/blog\/wp-content\/uploads\/2022\/06\/image005-1024x576.jpg\" alt=\"\" class=\"wp-image-1313\" srcset=\"https:\/\/sergiorico.com\/blog\/wp-content\/uploads\/2022\/06\/image005-1024x576.jpg 1024w, https:\/\/sergiorico.com\/blog\/wp-content\/uploads\/2022\/06\/image005-300x169.jpg 300w, https:\/\/sergiorico.com\/blog\/wp-content\/uploads\/2022\/06\/image005-768x432.jpg 768w, https:\/\/sergiorico.com\/blog\/wp-content\/uploads\/2022\/06\/image005-600x338.jpg 600w, https:\/\/sergiorico.com\/blog\/wp-content\/uploads\/2022\/06\/image005-945x532.jpg 945w, https:\/\/sergiorico.com\/blog\/wp-content\/uploads\/2022\/06\/image005.jpg 1280w\" sizes=\"auto, (max-width: 1024px) 100vw, 1024px\" \/><\/a><\/figure>\n\n\n\n<p>Pero lo mejor est\u00e1 por llegar, ya que Sergio es uno de los mayores animadores incansables de la grupeta. De hecho, no duda en recurrir a la tecnolog\u00eda, poniendo la ya famosa musiquilla en su tel\u00e9fono m\u00f3vil que dice tal que: \u201c\u00a1\u00a1\u00a1Era un domingo en la noche en los coche de choque\u2026..piripiri, piripiri, pirip\u00ed!!!\u201d cuando estamos en mitad de una subida y comienzan a flaquear las fuerzas. Pero lejos del asfalto, es incluso m\u00e1s, el alma mater de todas nuestras salidas, cuando el efecto de la cerveza toma protagonismo. En definitiva, es un t\u00edo al que le gusta estrujar al m\u00e1ximo y disfrutar de cada minuto de su tiempo, haciendo cosas que a muchos de nosotros se nos har\u00eda impensable realizar en muchas ocasiones por falta de capacidades.<br><\/p>\n\n\n\n<figure class=\"wp-block-image size-large\"><a href=\"https:\/\/sergiorico.com\/blog\/wp-content\/uploads\/2022\/06\/image007.jpg\"><img loading=\"lazy\" decoding=\"async\" width=\"1024\" height=\"576\" src=\"https:\/\/sergiorico.com\/blog\/wp-content\/uploads\/2022\/06\/image007-1024x576.jpg\" alt=\"\" class=\"wp-image-1314\" srcset=\"https:\/\/sergiorico.com\/blog\/wp-content\/uploads\/2022\/06\/image007-1024x576.jpg 1024w, https:\/\/sergiorico.com\/blog\/wp-content\/uploads\/2022\/06\/image007-300x169.jpg 300w, https:\/\/sergiorico.com\/blog\/wp-content\/uploads\/2022\/06\/image007-768x432.jpg 768w, https:\/\/sergiorico.com\/blog\/wp-content\/uploads\/2022\/06\/image007-600x338.jpg 600w, https:\/\/sergiorico.com\/blog\/wp-content\/uploads\/2022\/06\/image007-945x532.jpg 945w, https:\/\/sergiorico.com\/blog\/wp-content\/uploads\/2022\/06\/image007.jpg 1280w\" sizes=\"auto, (max-width: 1024px) 100vw, 1024px\" \/><\/a><figcaption>F<em>oto: Lo que Pedales Roto ha unido y Caf\u00e9 Berl\u00edn ha reunido, que no lo separe nadie\u2026<\/em><\/figcaption><\/figure>\n\n\n\n<p>Bueno, y siguiendo con la costumbre de nuestro querido homenajeado, no me gustar\u00eda terminar sin meterle un poco de ca\u00f1a, tal y como \u00e9l mismo hace en cada una de las reflexiones dentro de las confesiones de un triatleta patata (<a rel=\"noreferrer noopener\" href=\"http:\/\/www.sergiorico.com\" data-type=\"URL\" data-id=\"http:\/\/www.sergiorico.com\" target=\"_blank\">www.sergiorico.com<\/a>). Por tanto, lo primero que me gustar\u00eda decir es que Sergio no es un ciclista del todo, ya que sus salidas se limitan al asfalto y deja tirados a los miembros de la grupeta en las salidas en MTB. Adem\u00e1s, no es solidario con muchos de los miembros de la grupeta que estamos bajos de forma, ya que no deja de entrenar subiendo pr\u00e1cticamente sin comer a diario a La Reina y \u201cjart\u00e1ndose\u201d de subir los motes de Benalmadena en verano, haciendo que en nuestras quedadas muchos de nosotros tengamos la sensaci\u00f3n de ser tortugas reum\u00e1ticas subidas encima de bicicletas, y como podr\u00e9is comprender eso no aquellos que estamos hecho polvo, jajaja. Adem\u00e1s, desde que est\u00e1 hecho un chavalillo, y se ha puesto casi al nivel de los otros \u201cfelinos\u201d de la grupeta (Emi, Rafa, Carlos,\u2026), ya no le basta con ir charlando con los m\u00e1s fondones al final del pelot\u00f3n sino que necesita ir delante del pelot\u00f3n sin mirar para atr\u00e1s ni para escupir, jajaja. Por \u00faltimo, hay que confesar que no es un t\u00edo tan listo como parece, ya que en ese caso se hubiese hecho rico hace a\u00f1os invirtiendo en Bitcoins, tal y como nos explic\u00f3 en la casa de Berja, en la que dej\u00f3 claro aquello de:<em> \u201cHaced lo que os diga, pero no lo que haga\u201d<\/em>, jajajaja.<\/p>\n\n\n\n<p><br>Ahora s\u00ed, por \u00faltimo, lo \u00fanico que me queda por decir es que Sergio es mi \u201cEmmano\u201d y me alegro de haberlo conocido en este maravilloso grupo de amigos al que todos conocemos como \u201cLos Pedales Rotos\u201d.<\/p>\n\n\n\n<figure class=\"wp-block-image size-large\"><a href=\"https:\/\/sergiorico.com\/blog\/wp-content\/uploads\/2023\/06\/tigre_1.jpg\"><img loading=\"lazy\" decoding=\"async\" width=\"1024\" height=\"768\" src=\"https:\/\/sergiorico.com\/blog\/wp-content\/uploads\/2023\/06\/tigre_1-1024x768.jpg\" alt=\"\" class=\"wp-image-1542\" srcset=\"https:\/\/sergiorico.com\/blog\/wp-content\/uploads\/2023\/06\/tigre_1-1024x768.jpg 1024w, https:\/\/sergiorico.com\/blog\/wp-content\/uploads\/2023\/06\/tigre_1-300x225.jpg 300w, https:\/\/sergiorico.com\/blog\/wp-content\/uploads\/2023\/06\/tigre_1-768x576.jpg 768w, https:\/\/sergiorico.com\/blog\/wp-content\/uploads\/2023\/06\/tigre_1-1536x1152.jpg 1536w, https:\/\/sergiorico.com\/blog\/wp-content\/uploads\/2023\/06\/tigre_1-600x450.jpg 600w, https:\/\/sergiorico.com\/blog\/wp-content\/uploads\/2023\/06\/tigre_1-945x709.jpg 945w, https:\/\/sergiorico.com\/blog\/wp-content\/uploads\/2023\/06\/tigre_1.jpg 2048w\" sizes=\"auto, (max-width: 1024px) 100vw, 1024px\" \/><\/a><\/figure>\n\n\n\n<p class=\"has-text-align-right\"><strong>Fdo: Juan Antonio Guadix (El cu\u00f1ao) &#8211; Mayo 2022<\/strong><\/p>\n","protected":false},"excerpt":{"rendered":"<p>(Este blog es personal, pero en esta ocasi\u00f3n va a tomar la palabra un querido compa\u00f1ero de la grupeta, Juan Antonio el Cu\u00f1ao, que me ha dedicado un amable e inmerecido post. Me da un poco de verguenza, pero creo&#8230; <a class=\"more-link\" href=\"https:\/\/sergiorico.com\/blog\/?p=1310\">Seguir leyendo &rarr;<\/a><\/p>\n","protected":false},"author":1,"featured_media":1540,"comment_status":"open","ping_status":"closed","sticky":false,"template":"","format":"standard","meta":{"footnotes":""},"categories":[13,3],"tags":[],"class_list":["post-1310","post","type-post","status-publish","format-standard","has-post-thumbnail","hentry","category-pedales-rotos","category-reflexiones"],"_links":{"self":[{"href":"https:\/\/sergiorico.com\/blog\/index.php?rest_route=\/wp\/v2\/posts\/1310","targetHints":{"allow":["GET"]}}],"collection":[{"href":"https:\/\/sergiorico.com\/blog\/index.php?rest_route=\/wp\/v2\/posts"}],"about":[{"href":"https:\/\/sergiorico.com\/blog\/index.php?rest_route=\/wp\/v2\/types\/post"}],"author":[{"embeddable":true,"href":"https:\/\/sergiorico.com\/blog\/index.php?rest_route=\/wp\/v2\/users\/1"}],"replies":[{"embeddable":true,"href":"https:\/\/sergiorico.com\/blog\/index.php?rest_route=%2Fwp%2Fv2%2Fcomments&post=1310"}],"version-history":[{"count":9,"href":"https:\/\/sergiorico.com\/blog\/index.php?rest_route=\/wp\/v2\/posts\/1310\/revisions"}],"predecessor-version":[{"id":1544,"href":"https:\/\/sergiorico.com\/blog\/index.php?rest_route=\/wp\/v2\/posts\/1310\/revisions\/1544"}],"wp:featuredmedia":[{"embeddable":true,"href":"https:\/\/sergiorico.com\/blog\/index.php?rest_route=\/wp\/v2\/media\/1540"}],"wp:attachment":[{"href":"https:\/\/sergiorico.com\/blog\/index.php?rest_route=%2Fwp%2Fv2%2Fmedia&parent=1310"}],"wp:term":[{"taxonomy":"category","embeddable":true,"href":"https:\/\/sergiorico.com\/blog\/index.php?rest_route=%2Fwp%2Fv2%2Fcategories&post=1310"},{"taxonomy":"post_tag","embeddable":true,"href":"https:\/\/sergiorico.com\/blog\/index.php?rest_route=%2Fwp%2Fv2%2Ftags&post=1310"}],"curies":[{"name":"wp","href":"https:\/\/api.w.org\/{rel}","templated":true}]}}