{"id":538,"date":"2018-09-26T21:48:30","date_gmt":"2018-09-26T21:48:30","guid":{"rendered":"http:\/\/sergiorico.com\/blog\/?p=538"},"modified":"2018-10-05T21:10:15","modified_gmt":"2018-10-05T21:10:15","slug":"fiesta-alikindoi","status":"publish","type":"post","link":"https:\/\/sergiorico.com\/blog\/?p=538","title":{"rendered":"Fiesta Alikindoi"},"content":{"rendered":"<p>No se c\u00f3mo empezar a explicar la experiencia de participar en el II Traves\u00eda a nado Solidaria Alikindoi. Quiz\u00e1s por el final: Esto no es un club, es una gran familia. Dif\u00edcilmente se explica de otra forma la desinteresada colaboraci\u00f3n de tanta gente. Y desde tan temprano, que a las 7:00 am, de noche, hab\u00eda m\u00e1s gente en la playa que una tarde de agosto,jajaja.<\/p>\n<div id=\"attachment_546\" style=\"width: 1610px\" class=\"wp-caption alignnone\"><a href=\"https:\/\/sergiorico.com\/blog\/wp-content\/uploads\/2018\/09\/iitravesiaalikin2.jpg\"><img loading=\"lazy\" decoding=\"async\" aria-describedby=\"caption-attachment-546\" class=\"wp-image-546 size-full\" src=\"https:\/\/sergiorico.com\/blog\/wp-content\/uploads\/2018\/09\/iitravesiaalikin2.jpg\" alt=\"\" width=\"1600\" height=\"1200\" srcset=\"https:\/\/sergiorico.com\/blog\/wp-content\/uploads\/2018\/09\/iitravesiaalikin2.jpg 1600w, https:\/\/sergiorico.com\/blog\/wp-content\/uploads\/2018\/09\/iitravesiaalikin2-300x225.jpg 300w, https:\/\/sergiorico.com\/blog\/wp-content\/uploads\/2018\/09\/iitravesiaalikin2-768x576.jpg 768w, https:\/\/sergiorico.com\/blog\/wp-content\/uploads\/2018\/09\/iitravesiaalikin2-1024x768.jpg 1024w, https:\/\/sergiorico.com\/blog\/wp-content\/uploads\/2018\/09\/iitravesiaalikin2-945x709.jpg 945w, https:\/\/sergiorico.com\/blog\/wp-content\/uploads\/2018\/09\/iitravesiaalikin2-600x450.jpg 600w\" sizes=\"auto, (max-width: 1600px) 100vw, 1600px\" \/><\/a><p id=\"caption-attachment-546\" class=\"wp-caption-text\">Alikinamanecer. El Def\u00edn se escaque\u00f3 un poco en el montaje, pero aleg\u00f3 que \u00e9l se dedica al mundo de la imagen.<\/p><\/div>\n<p>Siguiendo por el final, cabe decir que ha sido un exitazo de organizaci\u00f3n, todo a pedir de boca, incluso las cosas que no estaban bajo control como el tiempo, el estado del mar, la ausencia de medusas, la participaci\u00f3n, &#8230; pero sobre todo un \u00e9xito de diversi\u00f3n y buen ambiente nadador-solidario. Me voy a enrollar, as\u00ed que mejor te miras por encima las foticos, y te pones a hacer algo m\u00e1s productivo. Avisado\/a quedas.<\/p>\n<div id=\"attachment_545\" style=\"width: 1610px\" class=\"wp-caption alignnone\"><a href=\"https:\/\/sergiorico.com\/blog\/wp-content\/uploads\/2018\/09\/iitravesiaalikin3.jpg\"><img loading=\"lazy\" decoding=\"async\" aria-describedby=\"caption-attachment-545\" class=\"wp-image-545 size-full\" src=\"https:\/\/sergiorico.com\/blog\/wp-content\/uploads\/2018\/09\/iitravesiaalikin3.jpg\" alt=\"\" width=\"1600\" height=\"1200\" srcset=\"https:\/\/sergiorico.com\/blog\/wp-content\/uploads\/2018\/09\/iitravesiaalikin3.jpg 1600w, https:\/\/sergiorico.com\/blog\/wp-content\/uploads\/2018\/09\/iitravesiaalikin3-300x225.jpg 300w, https:\/\/sergiorico.com\/blog\/wp-content\/uploads\/2018\/09\/iitravesiaalikin3-768x576.jpg 768w, https:\/\/sergiorico.com\/blog\/wp-content\/uploads\/2018\/09\/iitravesiaalikin3-1024x768.jpg 1024w, https:\/\/sergiorico.com\/blog\/wp-content\/uploads\/2018\/09\/iitravesiaalikin3-945x709.jpg 945w, https:\/\/sergiorico.com\/blog\/wp-content\/uploads\/2018\/09\/iitravesiaalikin3-600x450.jpg 600w\" sizes=\"auto, (max-width: 1600px) 100vw, 1600px\" \/><\/a><p id=\"caption-attachment-545\" class=\"wp-caption-text\">\u00a1Ole esas 5 ni\u00f1as repartiendo chips!. Incluso a los tardones, ejem.<\/p><\/div>\n<p>La\u00a0organizaci\u00f3n previa fue realizada por el magn\u00edfico comit\u00e9 JACARANDA: Karmeta, Yolanda, Mertxe, Edu, Charo, Mar\u00eda Rey, Ximena, El Rey. Y ha tenido que ser un currazo del 15, porque tal nivel de detalle es dif\u00edcil de conseguir sin much\u00edsimo trabajo: permisos, avituallamiento, carpas, vallas, gorros, patrocinadores, trofeos, flores, crometraje, inscripciones, equipos de salvamento, kajaks, fisioterapeuta, megafon\u00eda, camisetas, boyas, globos, pegatinas &#8230; \u00a1una barbaridad!.<\/p>\n<div id=\"attachment_557\" style=\"width: 423px\" class=\"wp-caption alignleft\"><a href=\"https:\/\/sergiorico.com\/blog\/wp-content\/uploads\/2018\/09\/TravesiaAliquindoimcbelgrano-2.jpg\"><img loading=\"lazy\" decoding=\"async\" aria-describedby=\"caption-attachment-557\" class=\"wp-image-557\" src=\"https:\/\/sergiorico.com\/blog\/wp-content\/uploads\/2018\/09\/TravesiaAliquindoimcbelgrano-2.jpg\" alt=\"\" width=\"413\" height=\"276\" srcset=\"https:\/\/sergiorico.com\/blog\/wp-content\/uploads\/2018\/09\/TravesiaAliquindoimcbelgrano-2.jpg 800w, https:\/\/sergiorico.com\/blog\/wp-content\/uploads\/2018\/09\/TravesiaAliquindoimcbelgrano-2-300x200.jpg 300w, https:\/\/sergiorico.com\/blog\/wp-content\/uploads\/2018\/09\/TravesiaAliquindoimcbelgrano-2-768x512.jpg 768w, https:\/\/sergiorico.com\/blog\/wp-content\/uploads\/2018\/09\/TravesiaAliquindoimcbelgrano-2-600x400.jpg 600w\" sizes=\"auto, (max-width: 413px) 100vw, 413px\" \/><\/a><p id=\"caption-attachment-557\" class=\"wp-caption-text\">Su majestad pringando como el que m\u00e1s, y concentrado antes del bailecito.<\/p><\/div>\n<p>Despu\u00e9s de montar las carpas y vallas a una una hora que ni las panader\u00edas horneaban bollos, descargamos el resto de material y pusimos el tinglao bonito. Me marqu\u00e9 un peque\u00f1o baile reggaetoniano titulado <em>\u00abAs\u00ed bailan los estibadores alikindois, mi amol\u00bb<\/em> al que se apunt\u00f3 El Rey raudo y veloz, formando un dueto que augura grandes momentos.\u00a0 Qu\u00e9 le gusta la marcha a nuestra Majestad!. Pero no me conocen, ya se arrepentir\u00e1n de despertar a la bestia, jajaja. Empezaron a llegar participantes, y todo marchando viento en popa. El mar en su punto, 22,5\u00ba creo recordar, sin bichos ni olas.<\/p>\n<p>En esto que a 10 minutos de la salida de la distancia del 1000 le digo a mi compinche, el otro Sergio (<a href=\"http:\/\/www.farmaciaaznarruiz.com\" target=\"_blank\" rel=\"noopener\">de Farmacia Aznar, la mejor de M\u00e1laga<\/a>) : \u00abOstras, necesito un caf\u00e9 \u00bfPor qu\u00e9 no nos echamos uno r\u00e1pido en el bar de al lado?\u00bb. All\u00e1 que nos plantamos. Cerrado. \u00ab-\u00bfNos vamos al otro?\u00bb\u00a0 \u00ab-Enga!\u00bb. Chapado, tambi\u00e9n. \u00ab-Pues un poco m\u00e1s adelante, tiene que estar abierto\u00bb. Nope. Niet. \u00ab-Por mis muelas que yo me tomo un caf\u00e9 como sea\u00bb. \u00ab-Pues al Hotel Vincci nos vamos\u00bb. Y all\u00ed nos plantamos.<\/p>\n<div id=\"attachment_544\" style=\"width: 724px\" class=\"wp-caption aligncenter\"><a href=\"https:\/\/sergiorico.com\/blog\/wp-content\/uploads\/2018\/09\/iitravesiaalikin4.jpg\"><img loading=\"lazy\" decoding=\"async\" aria-describedby=\"caption-attachment-544\" class=\"wp-image-544 \" src=\"https:\/\/sergiorico.com\/blog\/wp-content\/uploads\/2018\/09\/iitravesiaalikin4.jpg\" alt=\"\" width=\"714\" height=\"534\" srcset=\"https:\/\/sergiorico.com\/blog\/wp-content\/uploads\/2018\/09\/iitravesiaalikin4.jpg 1296w, https:\/\/sergiorico.com\/blog\/wp-content\/uploads\/2018\/09\/iitravesiaalikin4-300x225.jpg 300w, https:\/\/sergiorico.com\/blog\/wp-content\/uploads\/2018\/09\/iitravesiaalikin4-768x575.jpg 768w, https:\/\/sergiorico.com\/blog\/wp-content\/uploads\/2018\/09\/iitravesiaalikin4-1024x766.jpg 1024w, https:\/\/sergiorico.com\/blog\/wp-content\/uploads\/2018\/09\/iitravesiaalikin4-945x707.jpg 945w, https:\/\/sergiorico.com\/blog\/wp-content\/uploads\/2018\/09\/iitravesiaalikin4-600x449.jpg 600w\" sizes=\"auto, (max-width: 714px) 100vw, 714px\" \/><\/a><p id=\"caption-attachment-544\" class=\"wp-caption-text\">Los dos Sergios fugados, preparando un Doble Wooper con queso.<\/p><\/div>\n<p>Cafelito se\u00f1orial, y cuando volvemos, nos encontramos con la gente del 1000 a punto de salir y diciendo que, en cuanto llegara el primero, sal\u00edamos los del 3000. AAAAAHHH. \u00a1Mi dorsal, mi gorro, mi chip!. De lo tranquilo que estaba, como en casa, se me fue la pinza. Me voy para las carpas corriendo, y se lo digo a Carmen y Mertxe y alguien m\u00e1s que no recuerdo, que me miran con ganas de matarme, pero como son mu g\u00fcenas, en lugar de asesinarme merecidamente, se ponen como locas a buscarme gorro, buscarme el n\u00famero, pint\u00e1rmelo en el brazo (en la carpa),\u00a0 el chip (en la salida), la correa del chip (en la carpa), (que no, que en una bolsa, en la salida)&#8230; para haberme matao. Pero al final, ning\u00fan problema y hasta me enter\u00e9 de por d\u00f3nde hab\u00eda que nadar con las pacientes explicaciones de Yolanda. Ya digo, como en casa.<\/p>\n<div id=\"attachment_559\" style=\"width: 810px\" class=\"wp-caption alignnone\"><a href=\"https:\/\/sergiorico.com\/blog\/wp-content\/uploads\/2018\/09\/TravesiaAliquindoimcbelgrano-16.jpg\"><img loading=\"lazy\" decoding=\"async\" aria-describedby=\"caption-attachment-559\" class=\"wp-image-559 size-full\" src=\"https:\/\/sergiorico.com\/blog\/wp-content\/uploads\/2018\/09\/TravesiaAliquindoimcbelgrano-16.jpg\" alt=\"\" width=\"800\" height=\"288\" srcset=\"https:\/\/sergiorico.com\/blog\/wp-content\/uploads\/2018\/09\/TravesiaAliquindoimcbelgrano-16.jpg 800w, https:\/\/sergiorico.com\/blog\/wp-content\/uploads\/2018\/09\/TravesiaAliquindoimcbelgrano-16-300x108.jpg 300w, https:\/\/sergiorico.com\/blog\/wp-content\/uploads\/2018\/09\/TravesiaAliquindoimcbelgrano-16-768x276.jpg 768w, https:\/\/sergiorico.com\/blog\/wp-content\/uploads\/2018\/09\/TravesiaAliquindoimcbelgrano-16-600x216.jpg 600w\" sizes=\"auto, (max-width: 800px) 100vw, 800px\" \/><\/a><p id=\"caption-attachment-559\" class=\"wp-caption-text\">La salida de 1000m. A mi se\u00f1al: 5, 4, 3, 2 ..<\/p><\/div>\n<div id=\"attachment_556\" style=\"width: 810px\" class=\"wp-caption alignnone\"><a href=\"https:\/\/sergiorico.com\/blog\/wp-content\/uploads\/2018\/09\/TravesiaAliquindoimcbelgrano-20.jpg\"><img loading=\"lazy\" decoding=\"async\" aria-describedby=\"caption-attachment-556\" class=\"wp-image-556 size-full\" src=\"https:\/\/sergiorico.com\/blog\/wp-content\/uploads\/2018\/09\/TravesiaAliquindoimcbelgrano-20.jpg\" alt=\"\" width=\"800\" height=\"423\" srcset=\"https:\/\/sergiorico.com\/blog\/wp-content\/uploads\/2018\/09\/TravesiaAliquindoimcbelgrano-20.jpg 800w, https:\/\/sergiorico.com\/blog\/wp-content\/uploads\/2018\/09\/TravesiaAliquindoimcbelgrano-20-300x159.jpg 300w, https:\/\/sergiorico.com\/blog\/wp-content\/uploads\/2018\/09\/TravesiaAliquindoimcbelgrano-20-768x406.jpg 768w, https:\/\/sergiorico.com\/blog\/wp-content\/uploads\/2018\/09\/TravesiaAliquindoimcbelgrano-20-600x317.jpg 600w\" sizes=\"auto, (max-width: 800px) 100vw, 800px\" \/><\/a><p id=\"caption-attachment-556\" class=\"wp-caption-text\">&#8230;1, \u00a1YA! \u00a1Al agua mis valientes! Y el Rey con la trompetilla, pfff, pfff, pfff, jajajaja<\/p><\/div>\n<p>La traves\u00eda en s\u00ed estupenda gracias al d\u00eda \u00abmalaguita\u00bb de Septiembre tan espl\u00e9ndido: agua trasparente, sin olas, casi sin medusas, -alguna despistada que vino a vernos nadar-, las boyas bien se\u00f1alizadas con globos de helio, m\u00e1s kajaks que en el desembarco de Normandia, &#8230;<\/p>\n<div id=\"attachment_558\" style=\"width: 410px\" class=\"wp-caption alignright\"><a href=\"https:\/\/sergiorico.com\/blog\/wp-content\/uploads\/2018\/09\/TravesiaAliquindoimcbelgrano-188.jpg\"><img loading=\"lazy\" decoding=\"async\" aria-describedby=\"caption-attachment-558\" class=\"wp-image-558 size-full\" src=\"https:\/\/sergiorico.com\/blog\/wp-content\/uploads\/2018\/09\/TravesiaAliquindoimcbelgrano-188.jpg\" alt=\"\" width=\"400\" height=\"600\" srcset=\"https:\/\/sergiorico.com\/blog\/wp-content\/uploads\/2018\/09\/TravesiaAliquindoimcbelgrano-188.jpg 400w, https:\/\/sergiorico.com\/blog\/wp-content\/uploads\/2018\/09\/TravesiaAliquindoimcbelgrano-188-200x300.jpg 200w\" sizes=\"auto, (max-width: 400px) 100vw, 400px\" \/><\/a><p id=\"caption-attachment-558\" class=\"wp-caption-text\">\u00bfD\u00f3nde est\u00e1 mi bicicleta?&#8230; Ah! no, que aqu\u00ed no hay!<\/p><\/div>\n<p>No suelo nadar m\u00e1s de 2500m cuando entreno, y teniendo en cuenta que intentaba ir r\u00e1pido (mi velocidad \u00abterminal\u00bb es de unos 2min\/100m), se me hizo un poco cansado el tramo final, pero disfrut\u00e9 como un enano.<\/p>\n<blockquote><p>Esto no es un club de nataci\u00f3n, es una gran familia<\/p><\/blockquote>\n<p>Despu\u00e9s hicimos una salida de acompa\u00f1amiento de nataci\u00f3n adaptada e infantil hasta la boya roja, que fue muy emocionante, espiritu alikindoi a tope. Son unos cracks, ya me hubiera gustado a mi hace tres a\u00f1os nadar igual que ellos.<\/p>\n<div id=\"attachment_554\" style=\"width: 810px\" class=\"wp-caption alignnone\"><a href=\"https:\/\/sergiorico.com\/blog\/wp-content\/uploads\/2018\/09\/TravesiaAliquindoimcbelgrano-207.jpg\"><img loading=\"lazy\" decoding=\"async\" aria-describedby=\"caption-attachment-554\" class=\"wp-image-554 size-full\" src=\"https:\/\/sergiorico.com\/blog\/wp-content\/uploads\/2018\/09\/TravesiaAliquindoimcbelgrano-207.jpg\" alt=\"\" width=\"800\" height=\"450\" srcset=\"https:\/\/sergiorico.com\/blog\/wp-content\/uploads\/2018\/09\/TravesiaAliquindoimcbelgrano-207.jpg 800w, https:\/\/sergiorico.com\/blog\/wp-content\/uploads\/2018\/09\/TravesiaAliquindoimcbelgrano-207-300x169.jpg 300w, https:\/\/sergiorico.com\/blog\/wp-content\/uploads\/2018\/09\/TravesiaAliquindoimcbelgrano-207-768x432.jpg 768w, https:\/\/sergiorico.com\/blog\/wp-content\/uploads\/2018\/09\/TravesiaAliquindoimcbelgrano-207-600x338.jpg 600w\" sizes=\"auto, (max-width: 800px) 100vw, 800px\" \/><\/a><p id=\"caption-attachment-554\" class=\"wp-caption-text\">\u00bfc\u00f3mo estaba la playa?. La playa estaba abarrot\u00e1. No cab\u00eda una medusa.<\/p><\/div>\n<p><a href=\"https:\/\/sergiorico.com\/blog\/wp-content\/uploads\/2018\/09\/TravesiaAliquindoimcbelgrano-205.jpg\"><img loading=\"lazy\" decoding=\"async\" class=\"size-full wp-image-555 alignleft\" src=\"https:\/\/sergiorico.com\/blog\/wp-content\/uploads\/2018\/09\/TravesiaAliquindoimcbelgrano-205.jpg\" alt=\"\" width=\"400\" height=\"600\" srcset=\"https:\/\/sergiorico.com\/blog\/wp-content\/uploads\/2018\/09\/TravesiaAliquindoimcbelgrano-205.jpg 400w, https:\/\/sergiorico.com\/blog\/wp-content\/uploads\/2018\/09\/TravesiaAliquindoimcbelgrano-205-200x300.jpg 200w\" sizes=\"auto, (max-width: 400px) 100vw, 400px\" \/><\/a><\/p>\n<p>Subimos a las carpas para el merecido avituallamiento: frutita, deliciosos batidos de aguacate de Troops, zumos, chuches, m\u00fasica, buen rollo con todo el mundo comentando las mejores jugadas, un rato estupendo.<\/p>\n<p>La entrega de premios muy bien conducida por nuestra compa\u00f1era Mertxe, que parec\u00eda una speaker profesional, con los patrocinadores saliendo a entregar por turnos la multitud de galardones. Hab\u00eda tantos que en un momento dado cre\u00eda que se iban a liar:\u00a0 \u00abEntrega el premio Manuel Tembury&#8230; de Farmacia Aznar!\u00bb.<\/p>\n<p>Podiums, ramo de rosas, trofeo, fotos, aplausos, y al final botellas de champan regando al personal, vamos Eurovisi\u00f3n es un \u00abcagarro\u00bb en comparaci\u00f3n con esta Alikinparty.<\/p>\n<p><a href=\"https:\/\/sergiorico.com\/blog\/wp-content\/uploads\/2018\/09\/alikin.gif\"><img decoding=\"async\" class=\"alignright size-full wp-image-562\" src=\"https:\/\/sergiorico.com\/blog\/wp-content\/uploads\/2018\/09\/alikin.gif\" alt=\"\" \/><\/a><\/p>\n<div id=\"attachment_547\" style=\"width: 1610px\" class=\"wp-caption alignnone\"><a href=\"https:\/\/sergiorico.com\/blog\/wp-content\/uploads\/2018\/09\/iitravesialikin1.jpg\"><img loading=\"lazy\" decoding=\"async\" aria-describedby=\"caption-attachment-547\" class=\"wp-image-547 size-full\" src=\"https:\/\/sergiorico.com\/blog\/wp-content\/uploads\/2018\/09\/iitravesialikin1.jpg\" alt=\"\" width=\"1600\" height=\"777\" srcset=\"https:\/\/sergiorico.com\/blog\/wp-content\/uploads\/2018\/09\/iitravesialikin1.jpg 1600w, https:\/\/sergiorico.com\/blog\/wp-content\/uploads\/2018\/09\/iitravesialikin1-300x146.jpg 300w, https:\/\/sergiorico.com\/blog\/wp-content\/uploads\/2018\/09\/iitravesialikin1-768x373.jpg 768w, https:\/\/sergiorico.com\/blog\/wp-content\/uploads\/2018\/09\/iitravesialikin1-1024x497.jpg 1024w, https:\/\/sergiorico.com\/blog\/wp-content\/uploads\/2018\/09\/iitravesialikin1-945x459.jpg 945w, https:\/\/sergiorico.com\/blog\/wp-content\/uploads\/2018\/09\/iitravesialikin1-600x291.jpg 600w\" sizes=\"auto, (max-width: 1600px) 100vw, 1600px\" \/><\/a><p id=\"caption-attachment-547\" class=\"wp-caption-text\">Estilo alikindoi: Cada uno a su bola, pero compartiendo el mismo ideal.<\/p><\/div>\n<p>Cuando ya se fue el personal con una sonrisa en la cara y el coraz\u00f3n, comenzamos las tareas de desmontaje. Todo lo que sobr\u00f3 se lo llev\u00f3 Charo para donarlo. Sorprendentemente dejamos la playa como si no hubiera habido antes un tinglao tan grande, aunque no pod\u00eda ser de otro modo, el esp\u00edritu Alikindoi de nadadores en aguas abiertas implica cuidar la naturaleza, nuestros mares y su vida natural. Un grupito se fue a comer para rematar la faena, pero no pude apuntarme porque me esperaban en casa, cachis, en otra ocasi\u00f3n ser\u00e1. El a\u00f1o que viene m\u00e1s, pero imposible que sea mejor.\u00a0 Alindoi for ever.<\/p>\n<div id=\"attachment_549\" style=\"width: 730px\" class=\"wp-caption alignnone\"><a href=\"https:\/\/sergiorico.com\/blog\/wp-content\/uploads\/2018\/09\/comida_akindoi.jpg\"><img loading=\"lazy\" decoding=\"async\" aria-describedby=\"caption-attachment-549\" class=\"wp-image-549 size-full\" src=\"https:\/\/sergiorico.com\/blog\/wp-content\/uploads\/2018\/09\/comida_akindoi.jpg\" alt=\"\" width=\"720\" height=\"960\" srcset=\"https:\/\/sergiorico.com\/blog\/wp-content\/uploads\/2018\/09\/comida_akindoi.jpg 720w, https:\/\/sergiorico.com\/blog\/wp-content\/uploads\/2018\/09\/comida_akindoi-225x300.jpg 225w, https:\/\/sergiorico.com\/blog\/wp-content\/uploads\/2018\/09\/comida_akindoi-600x800.jpg 600w\" sizes=\"auto, (max-width: 720px) 100vw, 720px\" \/><\/a><p id=\"caption-attachment-549\" class=\"wp-caption-text\">Los platos \u00abreba\u00f1aos\u00bb, si es que la nataci\u00f3n abre el apetito.<\/p><\/div>\n<p>&nbsp;<\/p>\n","protected":false},"excerpt":{"rendered":"<p>No se c\u00f3mo empezar a explicar la experiencia de participar en el II Traves\u00eda a nado Solidaria Alikindoi. Quiz\u00e1s por el final: Esto no es un club, es una gran familia. Dif\u00edcilmente se explica de otra forma la desinteresada colaboraci\u00f3n&#8230; <a class=\"more-link\" href=\"https:\/\/sergiorico.com\/blog\/?p=538\">Seguir leyendo &rarr;<\/a><\/p>\n","protected":false},"author":1,"featured_media":543,"comment_status":"open","ping_status":"open","sticky":false,"template":"","format":"standard","meta":{"footnotes":""},"categories":[2],"tags":[],"class_list":["post-538","post","type-post","status-publish","format-standard","has-post-thumbnail","hentry","category-triatlon"],"_links":{"self":[{"href":"https:\/\/sergiorico.com\/blog\/index.php?rest_route=\/wp\/v2\/posts\/538","targetHints":{"allow":["GET"]}}],"collection":[{"href":"https:\/\/sergiorico.com\/blog\/index.php?rest_route=\/wp\/v2\/posts"}],"about":[{"href":"https:\/\/sergiorico.com\/blog\/index.php?rest_route=\/wp\/v2\/types\/post"}],"author":[{"embeddable":true,"href":"https:\/\/sergiorico.com\/blog\/index.php?rest_route=\/wp\/v2\/users\/1"}],"replies":[{"embeddable":true,"href":"https:\/\/sergiorico.com\/blog\/index.php?rest_route=%2Fwp%2Fv2%2Fcomments&post=538"}],"version-history":[{"count":18,"href":"https:\/\/sergiorico.com\/blog\/index.php?rest_route=\/wp\/v2\/posts\/538\/revisions"}],"predecessor-version":[{"id":578,"href":"https:\/\/sergiorico.com\/blog\/index.php?rest_route=\/wp\/v2\/posts\/538\/revisions\/578"}],"wp:featuredmedia":[{"embeddable":true,"href":"https:\/\/sergiorico.com\/blog\/index.php?rest_route=\/wp\/v2\/media\/543"}],"wp:attachment":[{"href":"https:\/\/sergiorico.com\/blog\/index.php?rest_route=%2Fwp%2Fv2%2Fmedia&parent=538"}],"wp:term":[{"taxonomy":"category","embeddable":true,"href":"https:\/\/sergiorico.com\/blog\/index.php?rest_route=%2Fwp%2Fv2%2Fcategories&post=538"},{"taxonomy":"post_tag","embeddable":true,"href":"https:\/\/sergiorico.com\/blog\/index.php?rest_route=%2Fwp%2Fv2%2Ftags&post=538"}],"curies":[{"name":"wp","href":"https:\/\/api.w.org\/{rel}","templated":true}]}}