{"id":623,"date":"2019-07-22T20:08:36","date_gmt":"2019-07-22T20:08:36","guid":{"rendered":"http:\/\/sergiorico.com\/blog\/?p=623"},"modified":"2019-07-22T20:09:10","modified_gmt":"2019-07-22T20:09:10","slug":"travesia-de-bomberos-torremolinos","status":"publish","type":"post","link":"https:\/\/sergiorico.com\/blog\/?p=623","title":{"rendered":"Traves\u00eda de Bomberos Torremolinos"},"content":{"rendered":"\n<p>Este s\u00e1bado 27 de Julio 2019 es la cita de la traves\u00eda de Bomberos de Torremolinos. 7 Kilometrazos. -\u00a1\u00a1\u00a1  7  !!!- Toda la costa del municipio, desde la Carihuela hasta los Alamos. En principio no tenemos planes para el finde, as\u00ed que quiz\u00e1s pueda asistir. Otra cosa es que deba asistir. <\/p>\n\n\n\n<p>Nunca he nadado una traves\u00eda larga, nunca mucho m\u00e1s de 3km y pico. No se c\u00f3mo va a responder mi cuerpo a partir el kil\u00f3metro 4. No he nadado apenas esta primavera, y me siento estancado en el mar. Disfruto mucho, pero mi tiempo promedio parece que va m\u00e1s lento, no se. <\/p>\n\n\n\n<figure class=\"wp-block-image\"><img decoding=\"async\" src=\"https:\/\/cdn.shortpixel.ai\/client\/q_lossless,ret_img\/https:\/\/www.travesiacostatorremolinos.com\/wp-content\/uploads\/2019\/02\/recorridocompleto.jpg\" alt=\"https:\/\/www.travesiacostatorremolinos.com\/wp-content\/uploads\/2019\/02\/recorridocompleto.jpg\"\/><\/figure>\n\n\n\n<p>En cualquier caso, si puedo asistir\u00e9, sobre todo por compartir el d\u00eda con la familia Alikindoi. Parece que la postmeta es muy completa y divertida, aunque me tendr\u00e9 que ir prontico para estar con la family aut\u00e9ntica. Si no puedo terminar o me descalifican ser\u00e1 una peque\u00f1a verg\u00fcenza, sobre todo por pertenecer a este pedazo de club de nado en aguas abiertas &#8211; ALIKINDOI OEEE!! &#8211; , pero es lo que hay. Ser\u00e1 el justo castigo por no entrenar m\u00e1s. Tengo que cambiar el chip, no el de la organizaci\u00f3n, si no el mental. Con esp\u00edritu derrotista, con miedo, no se llega a ninguna meta. <\/p>\n\n\n\n<p>Bomberos, preparad las mangueras, llega SergioRico ON FIRE!!!<\/p>\n","protected":false},"excerpt":{"rendered":"<p>Este s\u00e1bado 27 de Julio 2019 es la cita de la traves\u00eda de Bomberos de Torremolinos. 7 Kilometrazos. -\u00a1\u00a1\u00a1 7 !!!- Toda la costa del municipio, desde la Carihuela hasta los Alamos. En principio no tenemos planes para el finde,&#8230; <a class=\"more-link\" href=\"https:\/\/sergiorico.com\/blog\/?p=623\">Seguir leyendo &rarr;<\/a><\/p>\n","protected":false},"author":1,"featured_media":624,"comment_status":"open","ping_status":"open","sticky":false,"template":"","format":"standard","meta":{"footnotes":""},"categories":[10,3],"tags":[],"class_list":["post-623","post","type-post","status-publish","format-standard","has-post-thumbnail","hentry","category-competicion","category-reflexiones"],"_links":{"self":[{"href":"https:\/\/sergiorico.com\/blog\/index.php?rest_route=\/wp\/v2\/posts\/623","targetHints":{"allow":["GET"]}}],"collection":[{"href":"https:\/\/sergiorico.com\/blog\/index.php?rest_route=\/wp\/v2\/posts"}],"about":[{"href":"https:\/\/sergiorico.com\/blog\/index.php?rest_route=\/wp\/v2\/types\/post"}],"author":[{"embeddable":true,"href":"https:\/\/sergiorico.com\/blog\/index.php?rest_route=\/wp\/v2\/users\/1"}],"replies":[{"embeddable":true,"href":"https:\/\/sergiorico.com\/blog\/index.php?rest_route=%2Fwp%2Fv2%2Fcomments&post=623"}],"version-history":[{"count":2,"href":"https:\/\/sergiorico.com\/blog\/index.php?rest_route=\/wp\/v2\/posts\/623\/revisions"}],"predecessor-version":[{"id":626,"href":"https:\/\/sergiorico.com\/blog\/index.php?rest_route=\/wp\/v2\/posts\/623\/revisions\/626"}],"wp:featuredmedia":[{"embeddable":true,"href":"https:\/\/sergiorico.com\/blog\/index.php?rest_route=\/wp\/v2\/media\/624"}],"wp:attachment":[{"href":"https:\/\/sergiorico.com\/blog\/index.php?rest_route=%2Fwp%2Fv2%2Fmedia&parent=623"}],"wp:term":[{"taxonomy":"category","embeddable":true,"href":"https:\/\/sergiorico.com\/blog\/index.php?rest_route=%2Fwp%2Fv2%2Fcategories&post=623"},{"taxonomy":"post_tag","embeddable":true,"href":"https:\/\/sergiorico.com\/blog\/index.php?rest_route=%2Fwp%2Fv2%2Ftags&post=623"}],"curies":[{"name":"wp","href":"https:\/\/api.w.org\/{rel}","templated":true}]}}