{"id":943,"date":"2021-12-17T17:00:00","date_gmt":"2021-12-17T17:00:00","guid":{"rendered":"https:\/\/sergiorico.com\/blog\/?p=943"},"modified":"2022-01-10T12:14:21","modified_gmt":"2022-01-10T12:14:21","slug":"juan-el-cunao","status":"publish","type":"post","link":"https:\/\/sergiorico.com\/blog\/?p=943","title":{"rendered":"Juan \u00abel Cu\u00f1ao\u00bb"},"content":{"rendered":"\n<p>Continuamos con nuestra particular trilog\u00eda familiar. Hoy le toca el turno a Juan Antonio, \u00abel cu\u00f1ao\u00bb -de Emi-. La grupeta Pedales Rotos ha aglutinado a gente realmente distinta, unidos por la bicicleta y el buen rollo.  Juan Antonio es de los que se nos sale del radar por arriba a nivel profesional.  El \u00abcu\u00f1ao\u00bb, con su trato divertido y cari\u00f1oso, resulta que es todo un se\u00f1or doctor en Biolog\u00eda, <a href=\"https:\/\/www.encuentrosenlabiologia.es\/2017\/02\/aterosclerosis-origen-y-desarrollo-de-una-patologia-cardiovascular-prevalente\/\">investigador de primer nivel<\/a> incluso <a href=\"https:\/\/elmedicointeractivo.com\/investigacion-universidad-malaga-revela-conexion-gen-wt1-y-formacion-celulas-progenitoras-cardiovasculares-20110826065131028290\/\" data-type=\"URL\" data-id=\"https:\/\/elmedicointeractivo.com\/investigacion-universidad-malaga-revela-conexion-gen-wt1-y-formacion-celulas-progenitoras-cardiovasculares-20110826065131028290\/\">con publicaci\u00f3n en la revista NATURE<\/a> . Quiz\u00e1s en un futuro no muy lejano le debamos a su trabajo que nos puedan salvar si nos da un jamacuco en \u00abla patata\u00bb subiendo la Reina.<\/p>\n\n\n\n<p>Al margen de sus \u00e9xitos profesionales, una vez puso una foto en su perfil que para mi representa la imagen de un aut\u00e9ntico triunfador: Levantando a sus dos chiquillos en cada brazo, los tres con una cara de aut\u00e9ntica felicidad. Ojal\u00e1 lo bueno de la vida se midiera tan f\u00e1cilmente como se hace con el dinero o con los baremos acad\u00e9micos. <\/p>\n\n\n\n<p>Cuando hicimos la \u00abIndomable &#8211;<em>Pedales-rotos-version<\/em>\u00bb descubrimos que tenemos una forma sorprendentemente coincidente de ver las peque\u00f1as cosas de la vida y probablemente tambi\u00e9n las grandes. Nos anticip\u00e1bamos mutuamente sobre la siguiente decisi\u00f3n a tomar, daba hasta susto. Esta claro que tenemos experiencias vitales similares. Pero es m\u00e1s cuco que yo. Como ejemplo, todo el mundo hablando del esc\u00e1ndalo -es un esc\u00e1ndaloooo- del Tigre bailando por la noche en mitad del pueblo, cuando el t\u00edo estaba d\u00e1ndolo todo al mismo nivel. \u00c9pico el baile a d\u00fao de H\u00e9roes del Silencio. <\/p>\n\n\n\n<figure class=\"wp-block-image size-large\"><a href=\"https:\/\/sergiorico.com\/blog\/wp-content\/uploads\/2021\/11\/fiesta.jpg\"><img loading=\"lazy\" decoding=\"async\" width=\"1024\" height=\"768\" src=\"https:\/\/sergiorico.com\/blog\/wp-content\/uploads\/2021\/11\/fiesta-1024x768.jpg\" alt=\"\" class=\"wp-image-1057\" srcset=\"https:\/\/sergiorico.com\/blog\/wp-content\/uploads\/2021\/11\/fiesta-1024x768.jpg 1024w, https:\/\/sergiorico.com\/blog\/wp-content\/uploads\/2021\/11\/fiesta-300x225.jpg 300w, https:\/\/sergiorico.com\/blog\/wp-content\/uploads\/2021\/11\/fiesta-768x576.jpg 768w, https:\/\/sergiorico.com\/blog\/wp-content\/uploads\/2021\/11\/fiesta-1536x1152.jpg 1536w, https:\/\/sergiorico.com\/blog\/wp-content\/uploads\/2021\/11\/fiesta-945x709.jpg 945w, https:\/\/sergiorico.com\/blog\/wp-content\/uploads\/2021\/11\/fiesta-600x450.jpg 600w, https:\/\/sergiorico.com\/blog\/wp-content\/uploads\/2021\/11\/fiesta.jpg 2048w\" sizes=\"auto, (max-width: 1024px) 100vw, 1024px\" \/><\/a><figcaption><em>\u00bfQue esto es el mismo d\u00eda que hicieron la Indomable?&#8230; estos t\u00edos no han cogido la bicicleta!!<\/em><\/figcaption><\/figure>\n\n\n\n<p>Esa conexi\u00f3n que hemos detectado, y que es complicada en gente compleja como nosotros, la seguiremos explorando con toda seguridad, \u00abmi emmano\u00bb.<\/p>\n\n\n\n<p>Aunque de cachondeo nos llamamos mi \u00abemmano\u00bb, aqu\u00ed os dejo una foto que demuestra que compartimos la misma ascendencia Borb\u00f3nica:<\/p>\n\n\n\n<figure class=\"wp-block-image size-large\"><a href=\"https:\/\/sergiorico.com\/blog\/wp-content\/uploads\/2021\/11\/borbones.-scaled.jpg\"><img loading=\"lazy\" decoding=\"async\" width=\"1024\" height=\"579\" src=\"https:\/\/sergiorico.com\/blog\/wp-content\/uploads\/2021\/11\/borbones.-1024x579.jpg\" alt=\"\" class=\"wp-image-1012\" srcset=\"https:\/\/sergiorico.com\/blog\/wp-content\/uploads\/2021\/11\/borbones.-1024x579.jpg 1024w, https:\/\/sergiorico.com\/blog\/wp-content\/uploads\/2021\/11\/borbones.-300x170.jpg 300w, https:\/\/sergiorico.com\/blog\/wp-content\/uploads\/2021\/11\/borbones.-768x435.jpg 768w, https:\/\/sergiorico.com\/blog\/wp-content\/uploads\/2021\/11\/borbones.-1536x869.jpg 1536w, https:\/\/sergiorico.com\/blog\/wp-content\/uploads\/2021\/11\/borbones.-2048x1159.jpg 2048w, https:\/\/sergiorico.com\/blog\/wp-content\/uploads\/2021\/11\/borbones.-945x535.jpg 945w, https:\/\/sergiorico.com\/blog\/wp-content\/uploads\/2021\/11\/borbones.-600x340.jpg 600w\" sizes=\"auto, (max-width: 1024px) 100vw, 1024px\" \/><\/a><figcaption><em>\u00bfEstuvo el Em\u00e9rito por M\u00e1laga la d\u00e9cada de los 70?<\/em><\/figcaption><\/figure>\n\n\n\n<p>Su estilo ciclista se enmarca dentro de los los \u00abjartibles\u00bb, como mi primo:  si por \u00e9l fuera, la ruta no acabar\u00eda nunca. Lo t\u00edpico de llegar reventado del quinto pino de la provincia y te dice <em>\u00aboye \u00bfnos hacemos un Ol\u00edas?\u00bb<\/em>. Lo peor es que si se te ocurre recoger el guante, te calzas un Ol\u00edas de postre. Loco perd\u00edo. <\/p>\n\n\n\n<p>Como buen padre de familia responsable que es, antepone cualquier necesidad de su familia a sus instintos ciclistas y la criatura no puede salir todo lo que nos gustar\u00eda. Por eso perdonamos sus ausencias y valoramos su esfuerzo personal, es lo que toca. Adem\u00e1s desde hace tiempo anda fastidiado con la espalda -lo que tiene cargar sacos en la Universidad- pero seguro que consigue \u00abdomesticar\u00bb el problema y dentro de nada vuelve a darnos ca\u00f1a a todos. <\/p>\n\n\n\n<figure class=\"wp-block-image size-large\"><a href=\"https:\/\/sergiorico.com\/blog\/wp-content\/uploads\/2021\/11\/cuniao5.jpg\"><img loading=\"lazy\" decoding=\"async\" width=\"1024\" height=\"1010\" src=\"https:\/\/sergiorico.com\/blog\/wp-content\/uploads\/2021\/11\/cuniao5-1024x1010.jpg\" alt=\"\" class=\"wp-image-1058\" srcset=\"https:\/\/sergiorico.com\/blog\/wp-content\/uploads\/2021\/11\/cuniao5-1024x1010.jpg 1024w, https:\/\/sergiorico.com\/blog\/wp-content\/uploads\/2021\/11\/cuniao5-300x296.jpg 300w, https:\/\/sergiorico.com\/blog\/wp-content\/uploads\/2021\/11\/cuniao5-768x758.jpg 768w, https:\/\/sergiorico.com\/blog\/wp-content\/uploads\/2021\/11\/cuniao5-945x932.jpg 945w, https:\/\/sergiorico.com\/blog\/wp-content\/uploads\/2021\/11\/cuniao5-600x592.jpg 600w, https:\/\/sergiorico.com\/blog\/wp-content\/uploads\/2021\/11\/cuniao5.jpg 1112w\" sizes=\"auto, (max-width: 1024px) 100vw, 1024px\" \/><\/a><figcaption><em>Descubra cu\u00e1l de los tres ciclistas trabaja de portero de discoteca&#8230; te quiere ir, perejil, jajajaja \ud83d\ude18<\/em><\/figcaption><\/figure>\n\n\n\n<p>En realidad, no es ninguna broma si digo que llevo un hermano ciclista zumbando a mi lado. <\/p>\n\n\n\n<p>Y con el que espero compartir muchas cositas buenas tambi\u00e9n fuera de la bicicleta los pr\u00f3ximos a\u00f1os. <\/p>\n\n\n\n<figure class=\"wp-block-image size-large\"><a href=\"https:\/\/sergiorico.com\/blog\/wp-content\/uploads\/2021\/11\/cunao3.jpg\"><img loading=\"lazy\" decoding=\"async\" width=\"1024\" height=\"688\" src=\"https:\/\/sergiorico.com\/blog\/wp-content\/uploads\/2021\/11\/cunao3-1024x688.jpg\" alt=\"\" class=\"wp-image-1128\" srcset=\"https:\/\/sergiorico.com\/blog\/wp-content\/uploads\/2021\/11\/cunao3-1024x688.jpg 1024w, https:\/\/sergiorico.com\/blog\/wp-content\/uploads\/2021\/11\/cunao3-300x202.jpg 300w, https:\/\/sergiorico.com\/blog\/wp-content\/uploads\/2021\/11\/cunao3-768x516.jpg 768w, https:\/\/sergiorico.com\/blog\/wp-content\/uploads\/2021\/11\/cunao3-1536x1033.jpg 1536w, https:\/\/sergiorico.com\/blog\/wp-content\/uploads\/2021\/11\/cunao3-945x635.jpg 945w, https:\/\/sergiorico.com\/blog\/wp-content\/uploads\/2021\/11\/cunao3-600x403.jpg 600w, https:\/\/sergiorico.com\/blog\/wp-content\/uploads\/2021\/11\/cunao3.jpg 1843w\" sizes=\"auto, (max-width: 1024px) 100vw, 1024px\" \/><\/a><\/figure>\n\n\n\n<p>(Pero a Ol\u00edas va a subir su put&#8230;&#8230;dre, jajajaja).<\/p>\n\n\n\n<p><\/p>\n\n\n\n<p>PD: La siguiente bici de Juanillo me toca a m\u00ed.<\/p>\n","protected":false},"excerpt":{"rendered":"<p>Continuamos con nuestra particular trilog\u00eda familiar. Hoy le toca el turno a Juan Antonio, \u00abel cu\u00f1ao\u00bb -de Emi-. La grupeta Pedales Rotos ha aglutinado a gente realmente distinta, unidos por la bicicleta y el buen rollo. Juan Antonio es de&#8230; <a class=\"more-link\" href=\"https:\/\/sergiorico.com\/blog\/?p=943\">Seguir leyendo &rarr;<\/a><\/p>\n","protected":false},"author":1,"featured_media":1060,"comment_status":"open","ping_status":"closed","sticky":false,"template":"","format":"standard","meta":{"footnotes":""},"categories":[13,3],"tags":[],"class_list":["post-943","post","type-post","status-publish","format-standard","has-post-thumbnail","hentry","category-pedales-rotos","category-reflexiones"],"_links":{"self":[{"href":"https:\/\/sergiorico.com\/blog\/index.php?rest_route=\/wp\/v2\/posts\/943","targetHints":{"allow":["GET"]}}],"collection":[{"href":"https:\/\/sergiorico.com\/blog\/index.php?rest_route=\/wp\/v2\/posts"}],"about":[{"href":"https:\/\/sergiorico.com\/blog\/index.php?rest_route=\/wp\/v2\/types\/post"}],"author":[{"embeddable":true,"href":"https:\/\/sergiorico.com\/blog\/index.php?rest_route=\/wp\/v2\/users\/1"}],"replies":[{"embeddable":true,"href":"https:\/\/sergiorico.com\/blog\/index.php?rest_route=%2Fwp%2Fv2%2Fcomments&post=943"}],"version-history":[{"count":20,"href":"https:\/\/sergiorico.com\/blog\/index.php?rest_route=\/wp\/v2\/posts\/943\/revisions"}],"predecessor-version":[{"id":1201,"href":"https:\/\/sergiorico.com\/blog\/index.php?rest_route=\/wp\/v2\/posts\/943\/revisions\/1201"}],"wp:featuredmedia":[{"embeddable":true,"href":"https:\/\/sergiorico.com\/blog\/index.php?rest_route=\/wp\/v2\/media\/1060"}],"wp:attachment":[{"href":"https:\/\/sergiorico.com\/blog\/index.php?rest_route=%2Fwp%2Fv2%2Fmedia&parent=943"}],"wp:term":[{"taxonomy":"category","embeddable":true,"href":"https:\/\/sergiorico.com\/blog\/index.php?rest_route=%2Fwp%2Fv2%2Fcategories&post=943"},{"taxonomy":"post_tag","embeddable":true,"href":"https:\/\/sergiorico.com\/blog\/index.php?rest_route=%2Fwp%2Fv2%2Ftags&post=943"}],"curies":[{"name":"wp","href":"https:\/\/api.w.org\/{rel}","templated":true}]}}